{"id":4848,"date":"2024-07-17T21:56:02","date_gmt":"2024-07-17T19:56:02","guid":{"rendered":"https:\/\/klimaneutral2035.de\/?p=4848"},"modified":"2024-07-17T22:02:48","modified_gmt":"2024-07-17T20:02:48","slug":"waermepumpen-abstandsregeln","status":"publish","type":"post","link":"https:\/\/klimaneutral2035.de\/en\/blog\/2024\/07\/17\/waermepumpen-abstandsregeln\/","title":{"rendered":"W\u00e4rmepumpen Abstandsregeln"},"content":{"rendered":"<p>Immer wieder werden wir mit der angeblichen 3m Abstandsregel f\u00fcr Luftw\u00e4rmepumpen konfrontiert. Die bayrische Staatsregierung hat vor einiger Zeit bereits klargestellt, dass es \u00fcblicherweise keine Abstandsfl\u00e4chen f\u00fcr Luftw\u00e4rmepumpen gibt. Nachlesen kann man das in einem <a href=\"https:\/\/www.stmb.bayern.de\/assets\/stmi\/buw\/baurechtundtechnik\/24_rundschreiben_abstandsflaechen-luftwaermepumpen.pdf\" target=\"_blank\" rel=\"noreferrer noopener\">Rundschreiben des Bay. Bauministeriums vom 24.7.2023<\/a>. Allerdings kann von einer Luftw\u00e4rmepumpe ein Ger\u00e4uschpegel ausgehen, der Nachbarn st\u00f6ren k\u00f6nnte, je nachdem, wie hoch der Ger\u00e4uschpegel ist und wie nah die W\u00e4rmepumpe an den Nachbarn dran steht. Tipps dazu findest Du auf unserer Website unter <a href=\"https:\/\/klimaneutral2035.de\/en\/waermepumpe\/\" target=\"_blank\" rel=\"noreferrer noopener\">https:\/\/klimaneutral2035.de\/waermepumpe\/<\/a><\/p>","protected":false},"excerpt":{"rendered":"<p>Immer wieder werden wir mit der angeblichen 3m Abstandsregel f\u00fcr Luftw\u00e4rmepumpen konfrontiert. Die bayrische Staatsregierung hat vor einiger Zeit bereits klargestellt, dass es \u00fcblicherweise keine Abstandsfl\u00e4chen f\u00fcr Luftw\u00e4rmepumpen gibt. Nachlesen kann man das in einem Rundschreiben des Bay. Bauministeriums vom 24.7.2023. Allerdings kann von einer Luftw\u00e4rmepumpe ein Ger\u00e4uschpegel ausgehen, der [&hellip;]<\/p>\n","protected":false},"author":7,"featured_media":2632,"comment_status":"closed","ping_status":"open","sticky":false,"template":"","format":"standard","meta":{"footnotes":""},"categories":[32],"tags":[],"class_list":["post-4848","post","type-post","status-publish","format-standard","has-post-thumbnail","hentry","category-neuigkeiten"],"yoast_head":"<!-- This site is optimized with the Yoast SEO plugin v27.4 - https:\/\/yoast.com\/product\/yoast-seo-wordpress\/ -->\n<title>W\u00e4rmepumpen Abstandsregeln - Klimaneutral 2035<\/title>\n<meta name=\"robots\" content=\"index, follow, max-snippet:-1, max-image-preview:large, max-video-preview:-1\" \/>\n<link rel=\"canonical\" href=\"https:\/\/klimaneutral2035.de\/en\/blog\/2024\/07\/17\/waermepumpen-abstandsregeln\/\" \/>\n<meta property=\"og:locale\" content=\"en_US\" \/>\n<meta property=\"og:type\" content=\"article\" \/>\n<meta property=\"og:title\" content=\"W\u00e4rmepumpen Abstandsregeln - Klimaneutral 2035\" \/>\n<meta property=\"og:description\" content=\"Immer wieder werden wir mit der angeblichen 3m Abstandsregel f\u00fcr Luftw\u00e4rmepumpen konfrontiert. Die bayrische Staatsregierung hat vor einiger Zeit bereits klargestellt, dass es \u00fcblicherweise keine Abstandsfl\u00e4chen f\u00fcr Luftw\u00e4rmepumpen gibt. Nachlesen kann man das in einem Rundschreiben des Bay. Bauministeriums vom 24.7.2023. Allerdings kann von einer Luftw\u00e4rmepumpe ein Ger\u00e4uschpegel ausgehen, der [&hellip;]\" \/>\n<meta property=\"og:url\" content=\"https:\/\/klimaneutral2035.de\/en\/blog\/2024\/07\/17\/waermepumpen-abstandsregeln\/\" \/>\n<meta property=\"og:site_name\" content=\"Klimaneutral 2035\" \/>\n<meta property=\"article:publisher\" content=\"https:\/\/www.facebook.com\/Klimaneutral-2035\" \/>\n<meta property=\"article:published_time\" content=\"2024-07-17T19:56:02+00:00\" \/>\n<meta property=\"article:modified_time\" content=\"2024-07-17T20:02:48+00:00\" \/>\n<meta property=\"og:image\" content=\"https:\/\/klimaneutral2035.de\/wp-content\/uploads\/117_Beratungsgespraech_Blaumann_cmyk_300dpi.jpg\" \/>\n\t<meta property=\"og:image:width\" content=\"2362\" \/>\n\t<meta property=\"og:image:height\" content=\"1575\" \/>\n\t<meta property=\"og:image:type\" content=\"image\/jpeg\" \/>\n<meta name=\"author\" content=\"paulina\" \/>\n<meta name=\"twitter:card\" content=\"summary_large_image\" \/>\n<meta name=\"twitter:creator\" content=\"@chris\" \/>\n<meta name=\"twitter:site\" content=\"@Klimaneutral35\" \/>\n<meta name=\"twitter:label1\" content=\"Written by\" \/>\n\t<meta name=\"twitter:data1\" content=\"paulina\" \/>\n\t<meta name=\"twitter:label2\" content=\"Est. reading time\" \/>\n\t<meta name=\"twitter:data2\" content=\"1 minute\" \/>\n<script type=\"application\/ld+json\" class=\"yoast-schema-graph\">{\"@context\":\"https:\\\/\\\/schema.org\",\"@graph\":[{\"@type\":\"Article\",\"@id\":\"https:\\\/\\\/klimaneutral2035.de\\\/blog\\\/2024\\\/07\\\/17\\\/waermepumpen-abstandsregeln\\\/#article\",\"isPartOf\":{\"@id\":\"https:\\\/\\\/klimaneutral2035.de\\\/blog\\\/2024\\\/07\\\/17\\\/waermepumpen-abstandsregeln\\\/\"},\"author\":{\"name\":\"paulina\",\"@id\":\"https:\\\/\\\/klimaneutral2035.de\\\/#\\\/schema\\\/person\\\/e8f3bde4b9a96168a64dec0512701994\"},\"headline\":\"W\u00e4rmepumpen Abstandsregeln\",\"datePublished\":\"2024-07-17T19:56:02+00:00\",\"dateModified\":\"2024-07-17T20:02:48+00:00\",\"mainEntityOfPage\":{\"@id\":\"https:\\\/\\\/klimaneutral2035.de\\\/blog\\\/2024\\\/07\\\/17\\\/waermepumpen-abstandsregeln\\\/\"},\"wordCount\":95,\"publisher\":{\"@id\":\"https:\\\/\\\/klimaneutral2035.de\\\/#organization\"},\"image\":{\"@id\":\"https:\\\/\\\/klimaneutral2035.de\\\/blog\\\/2024\\\/07\\\/17\\\/waermepumpen-abstandsregeln\\\/#primaryimage\"},\"thumbnailUrl\":\"https:\\\/\\\/klimaneutral2035.de\\\/wp-content\\\/uploads\\\/117_Beratungsgespraech_Blaumann_cmyk_300dpi.jpg\",\"articleSection\":[\"Neuigkeiten\"],\"inLanguage\":\"en-US\"},{\"@type\":\"WebPage\",\"@id\":\"https:\\\/\\\/klimaneutral2035.de\\\/blog\\\/2024\\\/07\\\/17\\\/waermepumpen-abstandsregeln\\\/\",\"url\":\"https:\\\/\\\/klimaneutral2035.de\\\/blog\\\/2024\\\/07\\\/17\\\/waermepumpen-abstandsregeln\\\/\",\"name\":\"W\u00e4rmepumpen Abstandsregeln - Klimaneutral 2035\",\"isPartOf\":{\"@id\":\"https:\\\/\\\/klimaneutral2035.de\\\/#website\"},\"primaryImageOfPage\":{\"@id\":\"https:\\\/\\\/klimaneutral2035.de\\\/blog\\\/2024\\\/07\\\/17\\\/waermepumpen-abstandsregeln\\\/#primaryimage\"},\"image\":{\"@id\":\"https:\\\/\\\/klimaneutral2035.de\\\/blog\\\/2024\\\/07\\\/17\\\/waermepumpen-abstandsregeln\\\/#primaryimage\"},\"thumbnailUrl\":\"https:\\\/\\\/klimaneutral2035.de\\\/wp-content\\\/uploads\\\/117_Beratungsgespraech_Blaumann_cmyk_300dpi.jpg\",\"datePublished\":\"2024-07-17T19:56:02+00:00\",\"dateModified\":\"2024-07-17T20:02:48+00:00\",\"breadcrumb\":{\"@id\":\"https:\\\/\\\/klimaneutral2035.de\\\/blog\\\/2024\\\/07\\\/17\\\/waermepumpen-abstandsregeln\\\/#breadcrumb\"},\"inLanguage\":\"en-US\",\"potentialAction\":[{\"@type\":\"ReadAction\",\"target\":[\"https:\\\/\\\/klimaneutral2035.de\\\/blog\\\/2024\\\/07\\\/17\\\/waermepumpen-abstandsregeln\\\/\"]}]},{\"@type\":\"ImageObject\",\"inLanguage\":\"en-US\",\"@id\":\"https:\\\/\\\/klimaneutral2035.de\\\/blog\\\/2024\\\/07\\\/17\\\/waermepumpen-abstandsregeln\\\/#primaryimage\",\"url\":\"https:\\\/\\\/klimaneutral2035.de\\\/wp-content\\\/uploads\\\/117_Beratungsgespraech_Blaumann_cmyk_300dpi.jpg\",\"contentUrl\":\"https:\\\/\\\/klimaneutral2035.de\\\/wp-content\\\/uploads\\\/117_Beratungsgespraech_Blaumann_cmyk_300dpi.jpg\",\"width\":2362,\"height\":1575},{\"@type\":\"BreadcrumbList\",\"@id\":\"https:\\\/\\\/klimaneutral2035.de\\\/blog\\\/2024\\\/07\\\/17\\\/waermepumpen-abstandsregeln\\\/#breadcrumb\",\"itemListElement\":[{\"@type\":\"ListItem\",\"position\":1,\"name\":\"Startseite\",\"item\":\"https:\\\/\\\/klimaneutral2035.de\\\/\"},{\"@type\":\"ListItem\",\"position\":2,\"name\":\"W\u00e4rmepumpen Abstandsregeln\"}]},{\"@type\":\"WebSite\",\"@id\":\"https:\\\/\\\/klimaneutral2035.de\\\/#website\",\"url\":\"https:\\\/\\\/klimaneutral2035.de\\\/\",\"name\":\"Klimaneutral 2035\",\"description\":\"Eine Initiative f\u00fcr Neubiberg\",\"publisher\":{\"@id\":\"https:\\\/\\\/klimaneutral2035.de\\\/#organization\"},\"potentialAction\":[{\"@type\":\"SearchAction\",\"target\":{\"@type\":\"EntryPoint\",\"urlTemplate\":\"https:\\\/\\\/klimaneutral2035.de\\\/?s={search_term_string}\"},\"query-input\":{\"@type\":\"PropertyValueSpecification\",\"valueRequired\":true,\"valueName\":\"search_term_string\"}}],\"inLanguage\":\"en-US\"},{\"@type\":\"Organization\",\"@id\":\"https:\\\/\\\/klimaneutral2035.de\\\/#organization\",\"name\":\"Klimaneutral 2035\",\"url\":\"https:\\\/\\\/klimaneutral2035.de\\\/\",\"logo\":{\"@type\":\"ImageObject\",\"inLanguage\":\"en-US\",\"@id\":\"https:\\\/\\\/klimaneutral2035.de\\\/#\\\/schema\\\/logo\\\/image\\\/\",\"url\":\"https:\\\/\\\/klimaneutral2035.de\\\/wp-content\\\/uploads\\\/cropped-favicon.png\",\"contentUrl\":\"https:\\\/\\\/klimaneutral2035.de\\\/wp-content\\\/uploads\\\/cropped-favicon.png\",\"width\":512,\"height\":512,\"caption\":\"Klimaneutral 2035\"},\"image\":{\"@id\":\"https:\\\/\\\/klimaneutral2035.de\\\/#\\\/schema\\\/logo\\\/image\\\/\"},\"sameAs\":[\"https:\\\/\\\/www.facebook.com\\\/Klimaneutral-2035\",\"https:\\\/\\\/x.com\\\/Klimaneutral35\",\"https:\\\/\\\/www.instagram.com\\\/klimaneutral_2035\"]},{\"@type\":\"Person\",\"@id\":\"https:\\\/\\\/klimaneutral2035.de\\\/#\\\/schema\\\/person\\\/e8f3bde4b9a96168a64dec0512701994\",\"name\":\"paulina\",\"sameAs\":[\"https:\\\/\\\/x.com\\\/chris\"],\"url\":\"https:\\\/\\\/klimaneutral2035.de\\\/en\\\/blog\\\/author\\\/paulina\\\/\"}]}<\/script>\n<!-- \/ Yoast SEO plugin. -->","yoast_head_json":{"title":"W\u00e4rmepumpen Abstandsregeln - Klimaneutral 2035","robots":{"index":"index","follow":"follow","max-snippet":"max-snippet:-1","max-image-preview":"max-image-preview:large","max-video-preview":"max-video-preview:-1"},"canonical":"https:\/\/klimaneutral2035.de\/en\/blog\/2024\/07\/17\/waermepumpen-abstandsregeln\/","og_locale":"en_US","og_type":"article","og_title":"W\u00e4rmepumpen Abstandsregeln - Klimaneutral 2035","og_description":"Immer wieder werden wir mit der angeblichen 3m Abstandsregel f\u00fcr Luftw\u00e4rmepumpen konfrontiert. Die bayrische Staatsregierung hat vor einiger Zeit bereits klargestellt, dass es \u00fcblicherweise keine Abstandsfl\u00e4chen f\u00fcr Luftw\u00e4rmepumpen gibt. Nachlesen kann man das in einem Rundschreiben des Bay. Bauministeriums vom 24.7.2023. Allerdings kann von einer Luftw\u00e4rmepumpe ein Ger\u00e4uschpegel ausgehen, der [&hellip;]","og_url":"https:\/\/klimaneutral2035.de\/en\/blog\/2024\/07\/17\/waermepumpen-abstandsregeln\/","og_site_name":"Klimaneutral 2035","article_publisher":"https:\/\/www.facebook.com\/Klimaneutral-2035","article_published_time":"2024-07-17T19:56:02+00:00","article_modified_time":"2024-07-17T20:02:48+00:00","og_image":[{"width":2362,"height":1575,"url":"https:\/\/klimaneutral2035.de\/wp-content\/uploads\/117_Beratungsgespraech_Blaumann_cmyk_300dpi.jpg","type":"image\/jpeg"}],"author":"paulina","twitter_card":"summary_large_image","twitter_creator":"@chris","twitter_site":"@Klimaneutral35","twitter_misc":{"Written by":"paulina","Est. reading time":"1 minute"},"schema":{"@context":"https:\/\/schema.org","@graph":[{"@type":"Article","@id":"https:\/\/klimaneutral2035.de\/blog\/2024\/07\/17\/waermepumpen-abstandsregeln\/#article","isPartOf":{"@id":"https:\/\/klimaneutral2035.de\/blog\/2024\/07\/17\/waermepumpen-abstandsregeln\/"},"author":{"name":"paulina","@id":"https:\/\/klimaneutral2035.de\/#\/schema\/person\/e8f3bde4b9a96168a64dec0512701994"},"headline":"W\u00e4rmepumpen Abstandsregeln","datePublished":"2024-07-17T19:56:02+00:00","dateModified":"2024-07-17T20:02:48+00:00","mainEntityOfPage":{"@id":"https:\/\/klimaneutral2035.de\/blog\/2024\/07\/17\/waermepumpen-abstandsregeln\/"},"wordCount":95,"publisher":{"@id":"https:\/\/klimaneutral2035.de\/#organization"},"image":{"@id":"https:\/\/klimaneutral2035.de\/blog\/2024\/07\/17\/waermepumpen-abstandsregeln\/#primaryimage"},"thumbnailUrl":"https:\/\/klimaneutral2035.de\/wp-content\/uploads\/117_Beratungsgespraech_Blaumann_cmyk_300dpi.jpg","articleSection":["Neuigkeiten"],"inLanguage":"en-US"},{"@type":"WebPage","@id":"https:\/\/klimaneutral2035.de\/blog\/2024\/07\/17\/waermepumpen-abstandsregeln\/","url":"https:\/\/klimaneutral2035.de\/blog\/2024\/07\/17\/waermepumpen-abstandsregeln\/","name":"W\u00e4rmepumpen Abstandsregeln - Klimaneutral 2035","isPartOf":{"@id":"https:\/\/klimaneutral2035.de\/#website"},"primaryImageOfPage":{"@id":"https:\/\/klimaneutral2035.de\/blog\/2024\/07\/17\/waermepumpen-abstandsregeln\/#primaryimage"},"image":{"@id":"https:\/\/klimaneutral2035.de\/blog\/2024\/07\/17\/waermepumpen-abstandsregeln\/#primaryimage"},"thumbnailUrl":"https:\/\/klimaneutral2035.de\/wp-content\/uploads\/117_Beratungsgespraech_Blaumann_cmyk_300dpi.jpg","datePublished":"2024-07-17T19:56:02+00:00","dateModified":"2024-07-17T20:02:48+00:00","breadcrumb":{"@id":"https:\/\/klimaneutral2035.de\/blog\/2024\/07\/17\/waermepumpen-abstandsregeln\/#breadcrumb"},"inLanguage":"en-US","potentialAction":[{"@type":"ReadAction","target":["https:\/\/klimaneutral2035.de\/blog\/2024\/07\/17\/waermepumpen-abstandsregeln\/"]}]},{"@type":"ImageObject","inLanguage":"en-US","@id":"https:\/\/klimaneutral2035.de\/blog\/2024\/07\/17\/waermepumpen-abstandsregeln\/#primaryimage","url":"https:\/\/klimaneutral2035.de\/wp-content\/uploads\/117_Beratungsgespraech_Blaumann_cmyk_300dpi.jpg","contentUrl":"https:\/\/klimaneutral2035.de\/wp-content\/uploads\/117_Beratungsgespraech_Blaumann_cmyk_300dpi.jpg","width":2362,"height":1575},{"@type":"BreadcrumbList","@id":"https:\/\/klimaneutral2035.de\/blog\/2024\/07\/17\/waermepumpen-abstandsregeln\/#breadcrumb","itemListElement":[{"@type":"ListItem","position":1,"name":"Startseite","item":"https:\/\/klimaneutral2035.de\/"},{"@type":"ListItem","position":2,"name":"W\u00e4rmepumpen Abstandsregeln"}]},{"@type":"WebSite","@id":"https:\/\/klimaneutral2035.de\/#website","url":"https:\/\/klimaneutral2035.de\/","name":"Klimaneutral 2035","description":"Eine Initiative f\u00fcr Neubiberg","publisher":{"@id":"https:\/\/klimaneutral2035.de\/#organization"},"potentialAction":[{"@type":"SearchAction","target":{"@type":"EntryPoint","urlTemplate":"https:\/\/klimaneutral2035.de\/?s={search_term_string}"},"query-input":{"@type":"PropertyValueSpecification","valueRequired":true,"valueName":"search_term_string"}}],"inLanguage":"en-US"},{"@type":"Organization","@id":"https:\/\/klimaneutral2035.de\/#organization","name":"Klimaneutral 2035","url":"https:\/\/klimaneutral2035.de\/","logo":{"@type":"ImageObject","inLanguage":"en-US","@id":"https:\/\/klimaneutral2035.de\/#\/schema\/logo\/image\/","url":"https:\/\/klimaneutral2035.de\/wp-content\/uploads\/cropped-favicon.png","contentUrl":"https:\/\/klimaneutral2035.de\/wp-content\/uploads\/cropped-favicon.png","width":512,"height":512,"caption":"Klimaneutral 2035"},"image":{"@id":"https:\/\/klimaneutral2035.de\/#\/schema\/logo\/image\/"},"sameAs":["https:\/\/www.facebook.com\/Klimaneutral-2035","https:\/\/x.com\/Klimaneutral35","https:\/\/www.instagram.com\/klimaneutral_2035"]},{"@type":"Person","@id":"https:\/\/klimaneutral2035.de\/#\/schema\/person\/e8f3bde4b9a96168a64dec0512701994","name":"paulina","sameAs":["https:\/\/x.com\/chris"],"url":"https:\/\/klimaneutral2035.de\/en\/blog\/author\/paulina\/"}]}},"_links":{"self":[{"href":"https:\/\/klimaneutral2035.de\/en\/wp-json\/wp\/v2\/posts\/4848","targetHints":{"allow":["GET"]}}],"collection":[{"href":"https:\/\/klimaneutral2035.de\/en\/wp-json\/wp\/v2\/posts"}],"about":[{"href":"https:\/\/klimaneutral2035.de\/en\/wp-json\/wp\/v2\/types\/post"}],"author":[{"embeddable":true,"href":"https:\/\/klimaneutral2035.de\/en\/wp-json\/wp\/v2\/users\/7"}],"replies":[{"embeddable":true,"href":"https:\/\/klimaneutral2035.de\/en\/wp-json\/wp\/v2\/comments?post=4848"}],"version-history":[{"count":1,"href":"https:\/\/klimaneutral2035.de\/en\/wp-json\/wp\/v2\/posts\/4848\/revisions"}],"predecessor-version":[{"id":4849,"href":"https:\/\/klimaneutral2035.de\/en\/wp-json\/wp\/v2\/posts\/4848\/revisions\/4849"}],"wp:featuredmedia":[{"embeddable":true,"href":"https:\/\/klimaneutral2035.de\/en\/wp-json\/wp\/v2\/media\/2632"}],"wp:attachment":[{"href":"https:\/\/klimaneutral2035.de\/en\/wp-json\/wp\/v2\/media?parent=4848"}],"wp:term":[{"taxonomy":"category","embeddable":true,"href":"https:\/\/klimaneutral2035.de\/en\/wp-json\/wp\/v2\/categories?post=4848"},{"taxonomy":"post_tag","embeddable":true,"href":"https:\/\/klimaneutral2035.de\/en\/wp-json\/wp\/v2\/tags?post=4848"}],"curies":[{"name":"wp","href":"https:\/\/api.w.org\/{rel}","templated":true}]}}