{"id":5059,"date":"2025-03-17T22:00:35","date_gmt":"2025-03-17T21:00:35","guid":{"rendered":"https:\/\/klimaneutral2035.de\/?p=5059"},"modified":"2025-03-29T08:23:15","modified_gmt":"2025-03-29T07:23:15","slug":"klimaschutz-und-demokratie-wie-passt-das-zusammen","status":"publish","type":"post","link":"https:\/\/klimaneutral2035.de\/en\/blog\/2025\/03\/17\/klimaschutz-und-demokratie-wie-passt-das-zusammen\/","title":{"rendered":"Klimaschutz und Demokratie &#8211; (wie) passt das zusammen?"},"content":{"rendered":"<div class=\"vc_row wpb_row vc_row-fluid\"><div class=\"wpb_column vc_column_container vc_col-sm-12\"><div class=\"vc_column-inner\"><div class=\"wpb_wrapper\">\n\t<div class=\"wpb_text_column wpb_content_element\" >\n\t\t<div class=\"wpb_wrapper\">\n\t\t\t<p>Dieser Frage stellte sich die Klimainitiative Neubiberg gemeinsam mit ihren Podiumsg\u00e4sten vergangenen Montag im Pfarrsaal St. Georg, Unterbiberg. Neben MdL Kerstin Schreyer (CSU) waren Prof. Hedwig Richter (Universit\u00e4t der Bundeswehr M\u00fcnchen), Dr. Andreas Kie\u00dfling (Leiter Vorstandsb\u00fcro und Politik, Bayernwerk) und Bernd Ulrich (Journalist, ZEIT) auf dem Podium vertreten. Moderiert von Annika Gehrmann und Christian Ellerhold, den Gr\u00fcndern der Klimainitiative, ging man zun\u00e4chst der Frage nach, warum wir in unserer Demokratie nicht deutlich schneller in Richtung Klimaneutralit\u00e4t vorankommen, wo doch die Aussicht auf bessere Luft, weniger Verkehrsl\u00e4rm und ges\u00fcnderes Leben f\u00fcr alle ein attraktives Ziel ist. Die Gr\u00fcnde daf\u00fcr sind vielf\u00e4ltig &#8211; je nach Perspektive liegt es daran, dass die Bev\u00f6lkerung diese Klimaneutralit\u00e4t nicht w\u00fcnscht oder daran, dass die Politik die dringend notwendigen Ma\u00dfnahmen nicht beschlie\u00dft und so den Menschen das Gef\u00fchl vermittelt, die Klimakrise sei nicht so dringend. Hier wurde der Vergleich zu Konrad Adenauer und Willy Brandt gezogen, die den Menschen in Bezug auf die Ostpolitik etwas zugemutet und so Entscheidendes f\u00fcr Frieden und Wohlstand in Deutschland erreicht haben. Dann ging es um m\u00f6gliche L\u00f6sungswege hin zum Erhalt unserer Lebensgrundlagen, die nicht nur den Klimaschutz, sondern auch die \u00d6kologie mit umfasst. Kerstin Schreyer wies darauf hin, dass &#8222;wir die Menschen begeistern m\u00fcssen. Ich sehe die Energiewende als gro\u00dfe Chance f\u00fcr die Wirtschaft&#8220;. Bernd Ulrich forderte von der Politik mehr Mut: eine \u00f6kologische Wirtschaft sei nur m\u00f6glich, wenn wir u.a. unseren Fleischkonsum drastisch reduzieren. Das m\u00fcsse \u00f6ffentlich gesagt und nicht mit Social Media-Beitr\u00e4gen, die den Fleischkonsum feiern, konterkariert werden. Andreas Kie\u00dfling stellte heraus, dass f\u00fcr die Wirtschaft Planungssicherheit sehr wichtig sei. Hedwig Richter erg\u00e4nzte, dass das Tun jedes Einzelnen eine wesentliche Rolle in der Demokratie spielt und Forderungen an die Politik daher sehr wirksam sind. Im Anschluss gab es eine spannende Diskussion mit den knapp 80 Besucherinnen und Besuchern der Veranstaltung. Die Veranstalter bezeichnen das Event als sehr gelungen: das Thema wurde aus ganz verschiedenen Blickwinkeln auf respektvolle Art diskutiert.<\/p>\n\n\t\t<\/div>\n\t<\/div>\n<div  class=\"clear swmsc_gap\" style=\"margin:30px 0 0 0;\"><\/div><\/div><\/div><\/div><\/div><div class=\"vc_row wpb_row vc_row-fluid\"><div class=\"wpb_column vc_column_container vc_col-sm-12\"><div class=\"vc_column-inner\"><div class=\"wpb_wrapper\"><div  class=\"swmsc_slider_box\" >\n\t\t\t\t\t\t<div class=\"swmsc_image_slider flexslider\" data-slideanimation=\"fade\" data-autoslide=\"true\" data-autoslideinterval=\"5000\" data-bulletnavigation=\"true\" data-arrownavigation=\"true\" >\n\t\t\t\t\t\t\t<ul class=\"slides\">\n\t\t\t\t\t\t\t\t<li><a href=\"https:\/\/klimaneutral2035.de\/wp-content\/uploads\/XT419366_2025-scaled.jpg\" target=\"_blank\"><img decoding=\"async\" src=\"https:\/\/klimaneutral2035.de\/wp-content\/uploads\/XT419366_2025-scaled.jpg\" alt=\"\" \/><\/a><\/li><li><a href=\"https:\/\/klimaneutral2035.de\/wp-content\/uploads\/Klimaschutz-und-Demokratie-Titelbild.jpg\" target=\"_blank\"><img decoding=\"async\" src=\"https:\/\/klimaneutral2035.de\/wp-content\/uploads\/Klimaschutz-und-Demokratie-Titelbild.jpg\" alt=\"\" \/><\/a><\/li><li><a href=\"https:\/\/klimaneutral2035.de\/wp-content\/uploads\/IMG_5419_V2-scaled.jpg\" target=\"_blank\"><img decoding=\"async\" src=\"https:\/\/klimaneutral2035.de\/wp-content\/uploads\/IMG_5419_V2-scaled.jpg\" alt=\"\" \/><\/a><\/li><li><a href=\"https:\/\/klimaneutral2035.de\/wp-content\/uploads\/IMG_5421_V2-scaled.jpg\" target=\"_blank\"><img decoding=\"async\" src=\"https:\/\/klimaneutral2035.de\/wp-content\/uploads\/IMG_5421_V2-scaled.jpg\" alt=\"\" \/><\/a><\/li><li><a href=\"https:\/\/klimaneutral2035.de\/wp-content\/uploads\/IMG_5423_V2-scaled.jpg\" target=\"_blank\"><img decoding=\"async\" src=\"https:\/\/klimaneutral2035.de\/wp-content\/uploads\/IMG_5423_V2-scaled.jpg\" alt=\"\" \/><\/a><\/li><li><a href=\"https:\/\/klimaneutral2035.de\/wp-content\/uploads\/IMG_5427_V2-scaled.jpg\" target=\"_blank\"><img decoding=\"async\" src=\"https:\/\/klimaneutral2035.de\/wp-content\/uploads\/IMG_E5427_V2-scaled.jpg\" alt=\"\" \/><\/a><\/li><li><a href=\"#\" target=\"_self\"><img decoding=\"async\" src=\"https:\/\/klimaneutral2035.de\/wp-content\/uploads\/XT419355_2025-scaled.jpg\" alt=\"\" \/><\/a><\/li>\n\t\t\t\t\t\t\t<\/ul>\n\t\t\t\t\t\t<\/div>\n\t\t\t\t\t<\/div><\/div><\/div><\/div><\/div>","protected":false},"excerpt":{"rendered":"Dieser Frage stellte sich die Klimainitiative Neubiberg gemeinsam mit ihren Podiumsg\u00e4sten vergangenen Montag im Pfarrsaal St. Georg, Unterbiberg. Neben MdL Kerstin Schreyer (CSU) waren Prof. Hedwig Richter (Universit\u00e4t der Bundeswehr M\u00fcnchen), Dr. Andreas Kie\u00dfling (Leiter Vorstandsb\u00fcro und Politik, Bayernwerk) und Bernd Ulrich (Journalist, ZEIT) auf dem Podium vertreten. Moderiert von [...]","protected":false},"author":1,"featured_media":5060,"comment_status":"closed","ping_status":"open","sticky":false,"template":"","format":"standard","meta":{"footnotes":""},"categories":[32],"tags":[],"class_list":["post-5059","post","type-post","status-publish","format-standard","has-post-thumbnail","hentry","category-neuigkeiten"],"yoast_head":"<!-- This site is optimized with the Yoast SEO plugin v27.5 - https:\/\/yoast.com\/product\/yoast-seo-wordpress\/ -->\n<title>Klimaschutz und Demokratie - (wie) passt das zusammen? - Klimaneutral 2035<\/title>\n<meta name=\"robots\" content=\"index, follow, max-snippet:-1, max-image-preview:large, max-video-preview:-1\" \/>\n<link rel=\"canonical\" href=\"https:\/\/klimaneutral2035.de\/en\/blog\/2025\/03\/17\/klimaschutz-und-demokratie-wie-passt-das-zusammen\/\" \/>\n<meta property=\"og:locale\" content=\"en_US\" \/>\n<meta property=\"og:type\" content=\"article\" \/>\n<meta property=\"og:title\" content=\"Klimaschutz und Demokratie - (wie) passt das zusammen? - Klimaneutral 2035\" \/>\n<meta property=\"og:url\" content=\"https:\/\/klimaneutral2035.de\/en\/blog\/2025\/03\/17\/klimaschutz-und-demokratie-wie-passt-das-zusammen\/\" \/>\n<meta property=\"og:site_name\" content=\"Klimaneutral 2035\" \/>\n<meta property=\"article:publisher\" content=\"https:\/\/www.facebook.com\/Klimaneutral-2035\" \/>\n<meta property=\"article:published_time\" content=\"2025-03-17T21:00:35+00:00\" \/>\n<meta property=\"article:modified_time\" content=\"2025-03-29T07:23:15+00:00\" \/>\n<meta property=\"og:image\" content=\"https:\/\/klimaneutral2035.de\/wp-content\/uploads\/Klimaschutz-und-Demokratie-Titelbild.jpg\" \/>\n\t<meta property=\"og:image:width\" content=\"2016\" \/>\n\t<meta property=\"og:image:height\" content=\"1512\" \/>\n\t<meta property=\"og:image:type\" content=\"image\/jpeg\" \/>\n<meta name=\"author\" content=\"Christian Ellerhold\" \/>\n<meta name=\"twitter:card\" content=\"summary_large_image\" \/>\n<meta name=\"twitter:creator\" content=\"@Klimaneutral35\" \/>\n<meta name=\"twitter:site\" content=\"@Klimaneutral35\" \/>\n<meta name=\"twitter:label1\" content=\"Written by\" \/>\n\t<meta name=\"twitter:data1\" content=\"Christian Ellerhold\" \/>\n\t<meta name=\"twitter:label2\" content=\"Est. reading time\" \/>\n\t<meta name=\"twitter:data2\" content=\"4 minutes\" \/>\n<script type=\"application\/ld+json\" class=\"yoast-schema-graph\">{\"@context\":\"https:\\\/\\\/schema.org\",\"@graph\":[{\"@type\":\"Article\",\"@id\":\"https:\\\/\\\/klimaneutral2035.de\\\/blog\\\/2025\\\/03\\\/17\\\/klimaschutz-und-demokratie-wie-passt-das-zusammen\\\/#article\",\"isPartOf\":{\"@id\":\"https:\\\/\\\/klimaneutral2035.de\\\/blog\\\/2025\\\/03\\\/17\\\/klimaschutz-und-demokratie-wie-passt-das-zusammen\\\/\"},\"author\":{\"name\":\"Christian Ellerhold\",\"@id\":\"https:\\\/\\\/klimaneutral2035.de\\\/#\\\/schema\\\/person\\\/4493124578ddd5c43e3e3581c1571ef1\"},\"headline\":\"Klimaschutz und Demokratie &#8211; (wie) passt das zusammen?\",\"datePublished\":\"2025-03-17T21:00:35+00:00\",\"dateModified\":\"2025-03-29T07:23:15+00:00\",\"mainEntityOfPage\":{\"@id\":\"https:\\\/\\\/klimaneutral2035.de\\\/blog\\\/2025\\\/03\\\/17\\\/klimaschutz-und-demokratie-wie-passt-das-zusammen\\\/\"},\"wordCount\":511,\"publisher\":{\"@id\":\"https:\\\/\\\/klimaneutral2035.de\\\/#organization\"},\"image\":{\"@id\":\"https:\\\/\\\/klimaneutral2035.de\\\/blog\\\/2025\\\/03\\\/17\\\/klimaschutz-und-demokratie-wie-passt-das-zusammen\\\/#primaryimage\"},\"thumbnailUrl\":\"https:\\\/\\\/klimaneutral2035.de\\\/wp-content\\\/uploads\\\/Klimaschutz-und-Demokratie-Titelbild.jpg\",\"articleSection\":[\"Neuigkeiten\"],\"inLanguage\":\"en-US\"},{\"@type\":\"WebPage\",\"@id\":\"https:\\\/\\\/klimaneutral2035.de\\\/blog\\\/2025\\\/03\\\/17\\\/klimaschutz-und-demokratie-wie-passt-das-zusammen\\\/\",\"url\":\"https:\\\/\\\/klimaneutral2035.de\\\/blog\\\/2025\\\/03\\\/17\\\/klimaschutz-und-demokratie-wie-passt-das-zusammen\\\/\",\"name\":\"Klimaschutz und Demokratie - (wie) passt das zusammen? - Klimaneutral 2035\",\"isPartOf\":{\"@id\":\"https:\\\/\\\/klimaneutral2035.de\\\/#website\"},\"primaryImageOfPage\":{\"@id\":\"https:\\\/\\\/klimaneutral2035.de\\\/blog\\\/2025\\\/03\\\/17\\\/klimaschutz-und-demokratie-wie-passt-das-zusammen\\\/#primaryimage\"},\"image\":{\"@id\":\"https:\\\/\\\/klimaneutral2035.de\\\/blog\\\/2025\\\/03\\\/17\\\/klimaschutz-und-demokratie-wie-passt-das-zusammen\\\/#primaryimage\"},\"thumbnailUrl\":\"https:\\\/\\\/klimaneutral2035.de\\\/wp-content\\\/uploads\\\/Klimaschutz-und-Demokratie-Titelbild.jpg\",\"datePublished\":\"2025-03-17T21:00:35+00:00\",\"dateModified\":\"2025-03-29T07:23:15+00:00\",\"breadcrumb\":{\"@id\":\"https:\\\/\\\/klimaneutral2035.de\\\/blog\\\/2025\\\/03\\\/17\\\/klimaschutz-und-demokratie-wie-passt-das-zusammen\\\/#breadcrumb\"},\"inLanguage\":\"en-US\",\"potentialAction\":[{\"@type\":\"ReadAction\",\"target\":[\"https:\\\/\\\/klimaneutral2035.de\\\/blog\\\/2025\\\/03\\\/17\\\/klimaschutz-und-demokratie-wie-passt-das-zusammen\\\/\"]}]},{\"@type\":\"ImageObject\",\"inLanguage\":\"en-US\",\"@id\":\"https:\\\/\\\/klimaneutral2035.de\\\/blog\\\/2025\\\/03\\\/17\\\/klimaschutz-und-demokratie-wie-passt-das-zusammen\\\/#primaryimage\",\"url\":\"https:\\\/\\\/klimaneutral2035.de\\\/wp-content\\\/uploads\\\/Klimaschutz-und-Demokratie-Titelbild.jpg\",\"contentUrl\":\"https:\\\/\\\/klimaneutral2035.de\\\/wp-content\\\/uploads\\\/Klimaschutz-und-Demokratie-Titelbild.jpg\",\"width\":2016,\"height\":1512},{\"@type\":\"BreadcrumbList\",\"@id\":\"https:\\\/\\\/klimaneutral2035.de\\\/blog\\\/2025\\\/03\\\/17\\\/klimaschutz-und-demokratie-wie-passt-das-zusammen\\\/#breadcrumb\",\"itemListElement\":[{\"@type\":\"ListItem\",\"position\":1,\"name\":\"Startseite\",\"item\":\"https:\\\/\\\/klimaneutral2035.de\\\/\"},{\"@type\":\"ListItem\",\"position\":2,\"name\":\"Klimaschutz und Demokratie &#8211; (wie) passt das zusammen?\"}]},{\"@type\":\"WebSite\",\"@id\":\"https:\\\/\\\/klimaneutral2035.de\\\/#website\",\"url\":\"https:\\\/\\\/klimaneutral2035.de\\\/\",\"name\":\"Klimaneutral 2035\",\"description\":\"Eine Initiative f\u00fcr Neubiberg\",\"publisher\":{\"@id\":\"https:\\\/\\\/klimaneutral2035.de\\\/#organization\"},\"potentialAction\":[{\"@type\":\"SearchAction\",\"target\":{\"@type\":\"EntryPoint\",\"urlTemplate\":\"https:\\\/\\\/klimaneutral2035.de\\\/?s={search_term_string}\"},\"query-input\":{\"@type\":\"PropertyValueSpecification\",\"valueRequired\":true,\"valueName\":\"search_term_string\"}}],\"inLanguage\":\"en-US\"},{\"@type\":\"Organization\",\"@id\":\"https:\\\/\\\/klimaneutral2035.de\\\/#organization\",\"name\":\"Klimaneutral 2035\",\"url\":\"https:\\\/\\\/klimaneutral2035.de\\\/\",\"logo\":{\"@type\":\"ImageObject\",\"inLanguage\":\"en-US\",\"@id\":\"https:\\\/\\\/klimaneutral2035.de\\\/#\\\/schema\\\/logo\\\/image\\\/\",\"url\":\"https:\\\/\\\/klimaneutral2035.de\\\/wp-content\\\/uploads\\\/cropped-favicon.png\",\"contentUrl\":\"https:\\\/\\\/klimaneutral2035.de\\\/wp-content\\\/uploads\\\/cropped-favicon.png\",\"width\":512,\"height\":512,\"caption\":\"Klimaneutral 2035\"},\"image\":{\"@id\":\"https:\\\/\\\/klimaneutral2035.de\\\/#\\\/schema\\\/logo\\\/image\\\/\"},\"sameAs\":[\"https:\\\/\\\/www.facebook.com\\\/Klimaneutral-2035\",\"https:\\\/\\\/x.com\\\/Klimaneutral35\",\"https:\\\/\\\/www.instagram.com\\\/klimaneutral_2035\"]},{\"@type\":\"Person\",\"@id\":\"https:\\\/\\\/klimaneutral2035.de\\\/#\\\/schema\\\/person\\\/4493124578ddd5c43e3e3581c1571ef1\",\"name\":\"Christian Ellerhold\",\"sameAs\":[\"http:\\\/\\\/klimaneutral2035.de\"],\"url\":\"https:\\\/\\\/klimaneutral2035.de\\\/en\\\/blog\\\/author\\\/chris\\\/\"}]}<\/script>\n<!-- \/ Yoast SEO plugin. -->","yoast_head_json":{"title":"Klimaschutz und Demokratie - (wie) passt das zusammen? - Klimaneutral 2035","robots":{"index":"index","follow":"follow","max-snippet":"max-snippet:-1","max-image-preview":"max-image-preview:large","max-video-preview":"max-video-preview:-1"},"canonical":"https:\/\/klimaneutral2035.de\/en\/blog\/2025\/03\/17\/klimaschutz-und-demokratie-wie-passt-das-zusammen\/","og_locale":"en_US","og_type":"article","og_title":"Klimaschutz und Demokratie - (wie) passt das zusammen? - Klimaneutral 2035","og_url":"https:\/\/klimaneutral2035.de\/en\/blog\/2025\/03\/17\/klimaschutz-und-demokratie-wie-passt-das-zusammen\/","og_site_name":"Klimaneutral 2035","article_publisher":"https:\/\/www.facebook.com\/Klimaneutral-2035","article_published_time":"2025-03-17T21:00:35+00:00","article_modified_time":"2025-03-29T07:23:15+00:00","og_image":[{"width":2016,"height":1512,"url":"https:\/\/klimaneutral2035.de\/wp-content\/uploads\/Klimaschutz-und-Demokratie-Titelbild.jpg","type":"image\/jpeg"}],"author":"Christian Ellerhold","twitter_card":"summary_large_image","twitter_creator":"@Klimaneutral35","twitter_site":"@Klimaneutral35","twitter_misc":{"Written by":"Christian Ellerhold","Est. reading time":"4 minutes"},"schema":{"@context":"https:\/\/schema.org","@graph":[{"@type":"Article","@id":"https:\/\/klimaneutral2035.de\/blog\/2025\/03\/17\/klimaschutz-und-demokratie-wie-passt-das-zusammen\/#article","isPartOf":{"@id":"https:\/\/klimaneutral2035.de\/blog\/2025\/03\/17\/klimaschutz-und-demokratie-wie-passt-das-zusammen\/"},"author":{"name":"Christian Ellerhold","@id":"https:\/\/klimaneutral2035.de\/#\/schema\/person\/4493124578ddd5c43e3e3581c1571ef1"},"headline":"Klimaschutz und Demokratie &#8211; (wie) passt das zusammen?","datePublished":"2025-03-17T21:00:35+00:00","dateModified":"2025-03-29T07:23:15+00:00","mainEntityOfPage":{"@id":"https:\/\/klimaneutral2035.de\/blog\/2025\/03\/17\/klimaschutz-und-demokratie-wie-passt-das-zusammen\/"},"wordCount":511,"publisher":{"@id":"https:\/\/klimaneutral2035.de\/#organization"},"image":{"@id":"https:\/\/klimaneutral2035.de\/blog\/2025\/03\/17\/klimaschutz-und-demokratie-wie-passt-das-zusammen\/#primaryimage"},"thumbnailUrl":"https:\/\/klimaneutral2035.de\/wp-content\/uploads\/Klimaschutz-und-Demokratie-Titelbild.jpg","articleSection":["Neuigkeiten"],"inLanguage":"en-US"},{"@type":"WebPage","@id":"https:\/\/klimaneutral2035.de\/blog\/2025\/03\/17\/klimaschutz-und-demokratie-wie-passt-das-zusammen\/","url":"https:\/\/klimaneutral2035.de\/blog\/2025\/03\/17\/klimaschutz-und-demokratie-wie-passt-das-zusammen\/","name":"Klimaschutz und Demokratie - (wie) passt das zusammen? - Klimaneutral 2035","isPartOf":{"@id":"https:\/\/klimaneutral2035.de\/#website"},"primaryImageOfPage":{"@id":"https:\/\/klimaneutral2035.de\/blog\/2025\/03\/17\/klimaschutz-und-demokratie-wie-passt-das-zusammen\/#primaryimage"},"image":{"@id":"https:\/\/klimaneutral2035.de\/blog\/2025\/03\/17\/klimaschutz-und-demokratie-wie-passt-das-zusammen\/#primaryimage"},"thumbnailUrl":"https:\/\/klimaneutral2035.de\/wp-content\/uploads\/Klimaschutz-und-Demokratie-Titelbild.jpg","datePublished":"2025-03-17T21:00:35+00:00","dateModified":"2025-03-29T07:23:15+00:00","breadcrumb":{"@id":"https:\/\/klimaneutral2035.de\/blog\/2025\/03\/17\/klimaschutz-und-demokratie-wie-passt-das-zusammen\/#breadcrumb"},"inLanguage":"en-US","potentialAction":[{"@type":"ReadAction","target":["https:\/\/klimaneutral2035.de\/blog\/2025\/03\/17\/klimaschutz-und-demokratie-wie-passt-das-zusammen\/"]}]},{"@type":"ImageObject","inLanguage":"en-US","@id":"https:\/\/klimaneutral2035.de\/blog\/2025\/03\/17\/klimaschutz-und-demokratie-wie-passt-das-zusammen\/#primaryimage","url":"https:\/\/klimaneutral2035.de\/wp-content\/uploads\/Klimaschutz-und-Demokratie-Titelbild.jpg","contentUrl":"https:\/\/klimaneutral2035.de\/wp-content\/uploads\/Klimaschutz-und-Demokratie-Titelbild.jpg","width":2016,"height":1512},{"@type":"BreadcrumbList","@id":"https:\/\/klimaneutral2035.de\/blog\/2025\/03\/17\/klimaschutz-und-demokratie-wie-passt-das-zusammen\/#breadcrumb","itemListElement":[{"@type":"ListItem","position":1,"name":"Startseite","item":"https:\/\/klimaneutral2035.de\/"},{"@type":"ListItem","position":2,"name":"Klimaschutz und Demokratie &#8211; (wie) passt das zusammen?"}]},{"@type":"WebSite","@id":"https:\/\/klimaneutral2035.de\/#website","url":"https:\/\/klimaneutral2035.de\/","name":"Klimaneutral 2035","description":"Eine Initiative f\u00fcr Neubiberg","publisher":{"@id":"https:\/\/klimaneutral2035.de\/#organization"},"potentialAction":[{"@type":"SearchAction","target":{"@type":"EntryPoint","urlTemplate":"https:\/\/klimaneutral2035.de\/?s={search_term_string}"},"query-input":{"@type":"PropertyValueSpecification","valueRequired":true,"valueName":"search_term_string"}}],"inLanguage":"en-US"},{"@type":"Organization","@id":"https:\/\/klimaneutral2035.de\/#organization","name":"Klimaneutral 2035","url":"https:\/\/klimaneutral2035.de\/","logo":{"@type":"ImageObject","inLanguage":"en-US","@id":"https:\/\/klimaneutral2035.de\/#\/schema\/logo\/image\/","url":"https:\/\/klimaneutral2035.de\/wp-content\/uploads\/cropped-favicon.png","contentUrl":"https:\/\/klimaneutral2035.de\/wp-content\/uploads\/cropped-favicon.png","width":512,"height":512,"caption":"Klimaneutral 2035"},"image":{"@id":"https:\/\/klimaneutral2035.de\/#\/schema\/logo\/image\/"},"sameAs":["https:\/\/www.facebook.com\/Klimaneutral-2035","https:\/\/x.com\/Klimaneutral35","https:\/\/www.instagram.com\/klimaneutral_2035"]},{"@type":"Person","@id":"https:\/\/klimaneutral2035.de\/#\/schema\/person\/4493124578ddd5c43e3e3581c1571ef1","name":"Christian Ellerhold","sameAs":["http:\/\/klimaneutral2035.de"],"url":"https:\/\/klimaneutral2035.de\/en\/blog\/author\/chris\/"}]}},"_links":{"self":[{"href":"https:\/\/klimaneutral2035.de\/en\/wp-json\/wp\/v2\/posts\/5059","targetHints":{"allow":["GET"]}}],"collection":[{"href":"https:\/\/klimaneutral2035.de\/en\/wp-json\/wp\/v2\/posts"}],"about":[{"href":"https:\/\/klimaneutral2035.de\/en\/wp-json\/wp\/v2\/types\/post"}],"author":[{"embeddable":true,"href":"https:\/\/klimaneutral2035.de\/en\/wp-json\/wp\/v2\/users\/1"}],"replies":[{"embeddable":true,"href":"https:\/\/klimaneutral2035.de\/en\/wp-json\/wp\/v2\/comments?post=5059"}],"version-history":[{"count":8,"href":"https:\/\/klimaneutral2035.de\/en\/wp-json\/wp\/v2\/posts\/5059\/revisions"}],"predecessor-version":[{"id":5084,"href":"https:\/\/klimaneutral2035.de\/en\/wp-json\/wp\/v2\/posts\/5059\/revisions\/5084"}],"wp:featuredmedia":[{"embeddable":true,"href":"https:\/\/klimaneutral2035.de\/en\/wp-json\/wp\/v2\/media\/5060"}],"wp:attachment":[{"href":"https:\/\/klimaneutral2035.de\/en\/wp-json\/wp\/v2\/media?parent=5059"}],"wp:term":[{"taxonomy":"category","embeddable":true,"href":"https:\/\/klimaneutral2035.de\/en\/wp-json\/wp\/v2\/categories?post=5059"},{"taxonomy":"post_tag","embeddable":true,"href":"https:\/\/klimaneutral2035.de\/en\/wp-json\/wp\/v2\/tags?post=5059"}],"curies":[{"name":"wp","href":"https:\/\/api.w.org\/{rel}","templated":true}]}}